{"id":88,"date":"2005-09-06T19:14:09","date_gmt":"2005-09-06T22:14:09","guid":{"rendered":"https:\/\/www.gluon.com.br\/blog\/?p=88"},"modified":"2005-09-06T19:14:09","modified_gmt":"2005-09-06T22:14:09","slug":"fisica-para-poetas","status":"publish","type":"post","link":"https:\/\/www.gluon.com.br\/blog\/2005\/09\/06\/fisica-para-poetas\/","title":{"rendered":"F\u00edsica para poetas"},"content":{"rendered":"<p><img src='https:\/\/www.gluon.com.br\/blog\/imagens\/fisicaparapoetas.jpg' alt='fisica para poetas' \/><br \/>\n&#8220;Deixe para tr\u00e1s o seu medo de ci\u00eancia! Neste curso, contarei a hist\u00f3ria da f\u00edsica e da cosmologia, das nossas no\u00e7\u00f5es sobre o tempo, espa\u00e7o e mat\u00e9ria, desde os prim\u00f3rdios da civiliza\u00e7\u00e3o ocidental at\u00e9 o s\u00e9culo XXI. Come\u00e7ando com os fil\u00f3sofos pr\u00e9-Socr\u00e1ticos da Gr\u00e9cia Antiga, passando por Plat\u00e3o e Arist\u00f3teles, pela Idade M\u00e9dia e Renascen\u00e7a, e terminando com as grandes revolu\u00e7\u00f5es da f\u00edsica do s\u00e9culo XX &#8211; a teoria da relatividade de Einstein e a mec\u00e2nica qu\u00e2ntica &#8211; tra\u00e7arei a evolu\u00e7\u00e3o das id\u00e9ias cient\u00edficas que deram<br \/>\nforma \u00e0 nossa concep\u00e7\u00e3o do universo em que vivemos.<\/p>\n<p>O curso ser\u00e1 inteiramente conceitual (sem matem\u00e1tica!), acess\u00edvel a qualquer pessoa com o ensino m\u00e9dio completo e a curiosidade de saber mais sobre quem somos, de onde viemos e para onde vamos.&#8221;<\/p>\n<p>Carga hor\u00e1ria: 8 horas\/aula<br \/>\nDatas e Hor\u00e1rios: Dia 8 de outubro das 10h \u00e0s 12h30 e das 14h \u00e0s 16h30 e dia 9 de outubro das 10h \u00e0s 13h<br \/>\nLocal: Audit\u00f3rio da Universidade S\u00e3o Marcos &#8211; Unidade Santa Paulina<br \/>\nRua Padre Marchetti, 235 &#8211; Ipiranga &#8211; S\u00e3o Paulo\/SP<br \/>\nMais informa\u00e7\u00f5es<br \/>\n(removeram o site da internet)<\/p>\n<p>Leia tamb\u00e9m<br \/>\n<strong><a href=\"https:\/\/www.gluon.com.br\/blog\/2006\/07\/02\/poesia-tabela\/\">Poesia dos elementos<\/a><\/strong><\/p>\n","protected":false},"excerpt":{"rendered":"<p>&#8220;Deixe para tr\u00e1s o seu medo de ci\u00eancia! Neste curso, contarei a hist\u00f3ria da f\u00edsica e da cosmologia, das nossas no\u00e7\u00f5es sobre o tempo, espa\u00e7o e mat\u00e9ria, desde os prim\u00f3rdios da civiliza\u00e7\u00e3o ocidental at\u00e9 o s\u00e9culo XXI. Come\u00e7ando com os fil\u00f3sofos pr\u00e9-Socr\u00e1ticos da Gr\u00e9cia Antiga, passando por Plat\u00e3o e Arist\u00f3teles, pela Idade M\u00e9dia e Renascen\u00e7a, e terminando com as grandes revolu\u00e7\u00f5es da f\u00edsica do s\u00e9culo XX &#8211; a teoria da relatividade de Einstein e a mec\u00e2nica qu\u00e2ntica &#8211; tra\u00e7arei a evolu\u00e7\u00e3o das id\u00e9ias cient\u00edficas que deram forma \u00e0 nossa concep\u00e7\u00e3o do universo em que vivemos. O curso ser\u00e1 inteiramente conceitual <\/p>\n","protected":false},"author":1,"featured_media":0,"comment_status":"open","ping_status":"open","sticky":false,"template":"","format":"standard","meta":{"footnotes":""},"categories":[17],"tags":[],"class_list":["post-88","post","type-post","status-publish","format-standard","hentry","category-fisica"],"aioseo_notices":[],"amp_enabled":true,"_links":{"self":[{"href":"https:\/\/www.gluon.com.br\/blog\/wp-json\/wp\/v2\/posts\/88","targetHints":{"allow":["GET"]}}],"collection":[{"href":"https:\/\/www.gluon.com.br\/blog\/wp-json\/wp\/v2\/posts"}],"about":[{"href":"https:\/\/www.gluon.com.br\/blog\/wp-json\/wp\/v2\/types\/post"}],"author":[{"embeddable":true,"href":"https:\/\/www.gluon.com.br\/blog\/wp-json\/wp\/v2\/users\/1"}],"replies":[{"embeddable":true,"href":"https:\/\/www.gluon.com.br\/blog\/wp-json\/wp\/v2\/comments?post=88"}],"version-history":[{"count":0,"href":"https:\/\/www.gluon.com.br\/blog\/wp-json\/wp\/v2\/posts\/88\/revisions"}],"wp:attachment":[{"href":"https:\/\/www.gluon.com.br\/blog\/wp-json\/wp\/v2\/media?parent=88"}],"wp:term":[{"taxonomy":"category","embeddable":true,"href":"https:\/\/www.gluon.com.br\/blog\/wp-json\/wp\/v2\/categories?post=88"},{"taxonomy":"post_tag","embeddable":true,"href":"https:\/\/www.gluon.com.br\/blog\/wp-json\/wp\/v2\/tags?post=88"}],"curies":[{"name":"wp","href":"https:\/\/api.w.org\/{rel}","templated":true}]}}