{"id":6809,"date":"2007-03-11T10:04:44","date_gmt":"2007-03-11T10:04:44","guid":{"rendered":"https:\/\/www.gluon.com.br\/franca\/2007\/03\/11\/agricultura-paris\/"},"modified":"2007-03-11T10:04:44","modified_gmt":"2007-03-11T10:04:44","slug":"agricultura-paris","status":"publish","type":"post","link":"https:\/\/www.gluon.com.br\/blog\/2007\/03\/11\/agricultura-paris\/","title":{"rendered":"Sal\u00e3o Internacional de Agricultura em Paris"},"content":{"rendered":"<p>Ontem fui visitar a exposi\u00e7\u00e3o sobre agricultura.<br \/>\n<strong><a href=\"http:\/\/www.salon-agriculture.com\/\">http:\/\/www.salon-agriculture.com\/<\/a><\/strong><br \/>\nConsegui entrada gratu\u00edta pelo port\u00e3o dos visitantes estrangeiros. \ud83d\ude42<br \/>\nPelo que percebi o Sal\u00e3o \u00e9 focado nos visitantes urbanos e n\u00e3o parece ter o objetivo de ser um contato com quem trabalha na \u00e1rea. N\u00e3o vi muita coisa de agricultura, mais foi pecu\u00e1ria.<br \/>\nAchei interessante a propaganda de carros que usam etanol. Aproveitei para conversar com quem apresentava os carros e falei que no Brasil a tecnologia j\u00e1 era antiga. \ud83d\ude42 Fiz mais algumas perguntas t\u00e9cnicas mas n\u00e3o obtive a resposta que desejava. \u00c9, nisso o Brasil \u00e9 bem mais avan\u00e7ado.<br \/>\nNa Fran\u00e7a existem apenas 24 postos com etanol, e a previs\u00e3o \u00e9 que at\u00e9 o fim do ano sejam instalados 500 postos!<br \/>\nA exorta\u00e7\u00e3o de \u00e1lcool certamente vai aumentar.<br \/>\n<a href=\"http:\/\/picasaweb.google.com.br\/luisbrudna\/FeiraDeAgricultura\/photo#5040594637832559090\"><img decoding=\"async\" src=\"http:\/\/lh4.google.com.br\/image\/luisbrudna\/RfPKHey_mfI\/AAAAAAAAB-o\/GieuO6pQTxE\/s144\/DSC01691.JPG\" \/><\/a><br \/>\n&#8211; &#8211; &#8211;<br \/>\n<a href=\"http:\/\/picasaweb.google.com.br\/luisbrudna\/FeiraDeAgricultura\/photo#5040593834673674578\"><img decoding=\"async\" src=\"http:\/\/lh5.google.com.br\/image\/luisbrudna\/RfPJYuy_mVI\/AAAAAAAAB9Y\/91ooAGTr-vc\/s144\/DSC01677.JPG\" \/><\/a><br \/>\n&#8211; &#8211; &#8211;<br \/>\n<a href=\"http:\/\/picasaweb.google.com.br\/luisbrudna\/FeiraDeAgricultura\/photo#5040596596337646578\"><img decoding=\"async\" src=\"http:\/\/lh4.google.com.br\/image\/luisbrudna\/RfPL5ey_m_I\/AAAAAAAACCo\/HnL-zx07y-U\/s144\/DSC01730.JPG\" \/><\/a><br \/>\n&#8211; &#8211; &#8211;<br \/>\n<a href=\"http:\/\/picasaweb.google.com.br\/luisbrudna\/FeiraDeAgricultura\/photo#5040598198360448210\"><img decoding=\"async\" src=\"http:\/\/lh5.google.com.br\/image\/luisbrudna\/RfPNWuy_nNI\/AAAAAAAACEg\/EPsD6XlLtw4\/s144\/DSC01755.JPG\" \/><\/a><br \/>\n&#8211; &#8211; &#8211;<br \/>\n<a href=\"http:\/\/picasaweb.google.com.br\/luisbrudna\/FeiraDeAgricultura\/photo#5040598361569205490\"><img decoding=\"async\" src=\"http:\/\/lh3.google.com.br\/image\/luisbrudna\/RfPNgOy_nPI\/AAAAAAAACEw\/uezk5PPP0yk\/s144\/DSC01757.JPG\" \/><\/a><br \/>\n&#8211; &#8211; &#8211;<br \/>\n<a href=\"http:\/\/picasaweb.google.com.br\/luisbrudna\/FeiraDeAgricultura\/photo#5040598855490444674\"><img decoding=\"async\" src=\"http:\/\/lh6.google.com.br\/image\/luisbrudna\/RfPN8-y_nYI\/AAAAAAAACF4\/B_Rn6XYLQrM\/s144\/DSC01766.JPG\" \/><\/a><\/p>\n<p>Mais fotos em<br \/>\n<strong><a href=\"http:\/\/picasaweb.google.com.br\/luisbrudna\/FeiraDeAgricultura\">http:\/\/picasaweb.google.com.br\/luisbrudna\/FeiraDeAgricultura<\/a><\/strong><\/p>\n<p>______________________<br \/>\n<!--adsense--><\/p>\n","protected":false},"excerpt":{"rendered":"<p>Ontem fui visitar a exposi\u00e7\u00e3o sobre agricultura. http:\/\/www.salon-agriculture.com\/ Consegui entrada gratu\u00edta pelo port\u00e3o dos visitantes estrangeiros. \ud83d\ude42 Pelo que percebi o Sal\u00e3o \u00e9 focado nos visitantes urbanos e n\u00e3o parece ter o objetivo de ser um contato com quem trabalha na \u00e1rea. N\u00e3o vi muita coisa de agricultura, mais foi pecu\u00e1ria. Achei interessante a propaganda de carros que usam etanol. Aproveitei para conversar com quem apresentava os carros e falei que no Brasil a tecnologia j\u00e1 era antiga. \ud83d\ude42 Fiz mais algumas perguntas t\u00e9cnicas mas n\u00e3o obtive a resposta que desejava. \u00c9, nisso o Brasil \u00e9 bem mais avan\u00e7ado. Na <\/p>\n","protected":false},"author":3,"featured_media":0,"comment_status":"open","ping_status":"open","sticky":false,"template":"","format":"standard","meta":{"footnotes":""},"categories":[1],"tags":[],"class_list":["post-6809","post","type-post","status-publish","format-standard","hentry","category-uncategorized"],"aioseo_notices":[],"aioseo_head":"\n\t\t<!-- All in One SEO 5.0.1.1 - aioseo.com -->\n\t<meta name=\"description\" content=\"Ontem fui visitar a exposi\u00e7\u00e3o sobre agricultura. http:\/\/www.salon-agriculture.com\/ Consegui entrada gratu\u00edta pelo port\u00e3o dos visitantes estrangeiros. :-) Pelo que percebi o Sal\u00e3o \u00e9 focado nos visitantes urbanos e n\u00e3o parece ter o objetivo de ser um contato com quem trabalha na \u00e1rea. N\u00e3o vi muita coisa de agricultura, mais foi pecu\u00e1ria. Achei interessante a propaganda\" \/>\n\t<meta name=\"robots\" content=\"max-image-preview:large\" \/>\n\t<meta name=\"author\" content=\"francablog\"\/>\n\t<meta name=\"msvalidate.01\" content=\"4F89248C59186A8F78063E878D913872\" \/>\n\t<link rel=\"canonical\" href=\"https:\/\/www.gluon.com.br\/blog\/2007\/03\/11\/agricultura-paris\/\" \/>\n\t<meta name=\"generator\" content=\"All in One SEO (AIOSEO) 5.0.1.1\" \/>\n\t\t<script type=\"application\/ld+json\" class=\"aioseo-schema\">\n\t\t\t{\"@context\":\"https:\\\/\\\/schema.org\",\"@graph\":[{\"@type\":\"Article\",\"@id\":\"https:\\\/\\\/www.gluon.com.br\\\/blog\\\/2007\\\/03\\\/11\\\/agricultura-paris\\\/#article\",\"name\":\"Sal\\u00e3o Internacional de Agricultura em Paris | Gl\\u00faon\\\/ blog\",\"headline\":\"Sal\\u00e3o Internacional de Agricultura em Paris\",\"author\":{\"@id\":\"https:\\\/\\\/www.gluon.com.br\\\/blog\\\/author\\\/francablog\\\/#author\"},\"publisher\":{\"@id\":\"https:\\\/\\\/www.gluon.com.br\\\/blog\\\/#organization\"},\"image\":{\"@type\":\"ImageObject\",\"url\":\"http:\\\/\\\/lh4.google.com.br\\\/image\\\/luisbrudna\\\/RfPKHey_mfI\\\/AAAAAAAAB-o\\\/GieuO6pQTxE\\\/s144\\\/DSC01691.JPG\",\"@id\":\"https:\\\/\\\/www.gluon.com.br\\\/blog\\\/2007\\\/03\\\/11\\\/agricultura-paris\\\/#articleImage\"},\"datePublished\":\"2007-03-11T10:04:44+00:00\",\"dateModified\":\"2007-03-11T10:04:44+00:00\",\"inLanguage\":\"pt-BR\",\"commentCount\":1,\"mainEntityOfPage\":{\"@id\":\"https:\\\/\\\/www.gluon.com.br\\\/blog\\\/2007\\\/03\\\/11\\\/agricultura-paris\\\/#webpage\"},\"isPartOf\":{\"@id\":\"https:\\\/\\\/www.gluon.com.br\\\/blog\\\/2007\\\/03\\\/11\\\/agricultura-paris\\\/#webpage\"},\"articleSection\":\"Uncategorized\"},{\"@type\":\"BreadcrumbList\",\"@id\":\"https:\\\/\\\/www.gluon.com.br\\\/blog\\\/2007\\\/03\\\/11\\\/agricultura-paris\\\/#breadcrumblist\",\"itemListElement\":[{\"@type\":\"ListItem\",\"@id\":\"https:\\\/\\\/www.gluon.com.br\\\/blog#listItem\",\"position\":1,\"name\":\"Home\",\"item\":\"https:\\\/\\\/www.gluon.com.br\\\/blog\",\"nextItem\":{\"@type\":\"ListItem\",\"@id\":\"https:\\\/\\\/www.gluon.com.br\\\/blog\\\/category\\\/uncategorized\\\/#listItem\",\"name\":\"Uncategorized\"}},{\"@type\":\"ListItem\",\"@id\":\"https:\\\/\\\/www.gluon.com.br\\\/blog\\\/category\\\/uncategorized\\\/#listItem\",\"position\":2,\"name\":\"Uncategorized\",\"item\":\"https:\\\/\\\/www.gluon.com.br\\\/blog\\\/category\\\/uncategorized\\\/\",\"nextItem\":{\"@type\":\"ListItem\",\"@id\":\"https:\\\/\\\/www.gluon.com.br\\\/blog\\\/2007\\\/03\\\/11\\\/agricultura-paris\\\/#listItem\",\"name\":\"Sal\\u00e3o Internacional de Agricultura em Paris\"},\"previousItem\":{\"@type\":\"ListItem\",\"@id\":\"https:\\\/\\\/www.gluon.com.br\\\/blog#listItem\",\"name\":\"Home\"}},{\"@type\":\"ListItem\",\"@id\":\"https:\\\/\\\/www.gluon.com.br\\\/blog\\\/2007\\\/03\\\/11\\\/agricultura-paris\\\/#listItem\",\"position\":3,\"name\":\"Sal\\u00e3o Internacional de Agricultura em Paris\",\"previousItem\":{\"@type\":\"ListItem\",\"@id\":\"https:\\\/\\\/www.gluon.com.br\\\/blog\\\/category\\\/uncategorized\\\/#listItem\",\"name\":\"Uncategorized\"}}]},{\"@type\":\"Organization\",\"@id\":\"https:\\\/\\\/www.gluon.com.br\\\/blog\\\/#organization\",\"name\":\"Gl\\u00faon\\\/ blog\",\"description\":\"Variedades cient\\u00edficas\",\"url\":\"https:\\\/\\\/www.gluon.com.br\\\/blog\\\/\"},{\"@type\":\"Person\",\"@id\":\"https:\\\/\\\/www.gluon.com.br\\\/blog\\\/author\\\/francablog\\\/#author\",\"url\":\"https:\\\/\\\/www.gluon.com.br\\\/blog\\\/author\\\/francablog\\\/\",\"name\":\"francablog\"},{\"@type\":\"WebPage\",\"@id\":\"https:\\\/\\\/www.gluon.com.br\\\/blog\\\/2007\\\/03\\\/11\\\/agricultura-paris\\\/#webpage\",\"url\":\"https:\\\/\\\/www.gluon.com.br\\\/blog\\\/2007\\\/03\\\/11\\\/agricultura-paris\\\/\",\"name\":\"Sal\\u00e3o Internacional de Agricultura em Paris | Gl\\u00faon\\\/ blog\",\"description\":\"Ontem fui visitar a exposi\\u00e7\\u00e3o sobre agricultura. http:\\\/\\\/www.salon-agriculture.com\\\/ Consegui entrada gratu\\u00edta pelo port\\u00e3o dos visitantes estrangeiros. :-) Pelo que percebi o Sal\\u00e3o \\u00e9 focado nos visitantes urbanos e n\\u00e3o parece ter o objetivo de ser um contato com quem trabalha na \\u00e1rea. N\\u00e3o vi muita coisa de agricultura, mais foi pecu\\u00e1ria. Achei interessante a propaganda\",\"inLanguage\":\"pt-BR\",\"isPartOf\":{\"@id\":\"https:\\\/\\\/www.gluon.com.br\\\/blog\\\/#website\"},\"breadcrumb\":{\"@id\":\"https:\\\/\\\/www.gluon.com.br\\\/blog\\\/2007\\\/03\\\/11\\\/agricultura-paris\\\/#breadcrumblist\"},\"author\":{\"@id\":\"https:\\\/\\\/www.gluon.com.br\\\/blog\\\/author\\\/francablog\\\/#author\"},\"creator\":{\"@id\":\"https:\\\/\\\/www.gluon.com.br\\\/blog\\\/author\\\/francablog\\\/#author\"},\"datePublished\":\"2007-03-11T10:04:44+00:00\",\"dateModified\":\"2007-03-11T10:04:44+00:00\"},{\"@type\":\"WebSite\",\"@id\":\"https:\\\/\\\/www.gluon.com.br\\\/blog\\\/#website\",\"url\":\"https:\\\/\\\/www.gluon.com.br\\\/blog\\\/\",\"name\":\"Gl\\u00faon\\\/ blog\",\"description\":\"Variedades cient\\u00edficas\",\"inLanguage\":\"pt-BR\",\"publisher\":{\"@id\":\"https:\\\/\\\/www.gluon.com.br\\\/blog\\\/#organization\"}}]}\n\t\t<\/script>\n\t\t<!-- All in One SEO -->\n\n","aioseo_head_json":{"title":"Sal\u00e3o Internacional de Agricultura em Paris | Gl\u00faon\/ blog","description":"Ontem fui visitar a exposi\u00e7\u00e3o sobre agricultura. http:\/\/www.salon-agriculture.com\/ Consegui entrada gratu\u00edta pelo port\u00e3o dos visitantes estrangeiros. :-) Pelo que percebi o Sal\u00e3o \u00e9 focado nos visitantes urbanos e n\u00e3o parece ter o objetivo de ser um contato com quem trabalha na \u00e1rea. N\u00e3o vi muita coisa de agricultura, mais foi pecu\u00e1ria. Achei interessante a propaganda","canonical_url":"https:\/\/www.gluon.com.br\/blog\/2007\/03\/11\/agricultura-paris\/","robots":"max-image-preview:large","keywords":"","webmasterTools":{"msvalidate.01":"4F89248C59186A8F78063E878D913872","miscellaneous":""},"schema":{"@context":"https:\/\/schema.org","@graph":[{"@type":"Article","@id":"https:\/\/www.gluon.com.br\/blog\/2007\/03\/11\/agricultura-paris\/#article","name":"Sal\u00e3o Internacional de Agricultura em Paris | Gl\u00faon\/ blog","headline":"Sal\u00e3o Internacional de Agricultura em Paris","author":{"@id":"https:\/\/www.gluon.com.br\/blog\/author\/francablog\/#author"},"publisher":{"@id":"https:\/\/www.gluon.com.br\/blog\/#organization"},"image":{"@type":"ImageObject","url":"http:\/\/lh4.google.com.br\/image\/luisbrudna\/RfPKHey_mfI\/AAAAAAAAB-o\/GieuO6pQTxE\/s144\/DSC01691.JPG","@id":"https:\/\/www.gluon.com.br\/blog\/2007\/03\/11\/agricultura-paris\/#articleImage"},"datePublished":"2007-03-11T10:04:44+00:00","dateModified":"2007-03-11T10:04:44+00:00","inLanguage":"pt-BR","commentCount":1,"mainEntityOfPage":{"@id":"https:\/\/www.gluon.com.br\/blog\/2007\/03\/11\/agricultura-paris\/#webpage"},"isPartOf":{"@id":"https:\/\/www.gluon.com.br\/blog\/2007\/03\/11\/agricultura-paris\/#webpage"},"articleSection":"Uncategorized"},{"@type":"BreadcrumbList","@id":"https:\/\/www.gluon.com.br\/blog\/2007\/03\/11\/agricultura-paris\/#breadcrumblist","itemListElement":[{"@type":"ListItem","@id":"https:\/\/www.gluon.com.br\/blog#listItem","position":1,"name":"Home","item":"https:\/\/www.gluon.com.br\/blog","nextItem":{"@type":"ListItem","@id":"https:\/\/www.gluon.com.br\/blog\/category\/uncategorized\/#listItem","name":"Uncategorized"}},{"@type":"ListItem","@id":"https:\/\/www.gluon.com.br\/blog\/category\/uncategorized\/#listItem","position":2,"name":"Uncategorized","item":"https:\/\/www.gluon.com.br\/blog\/category\/uncategorized\/","nextItem":{"@type":"ListItem","@id":"https:\/\/www.gluon.com.br\/blog\/2007\/03\/11\/agricultura-paris\/#listItem","name":"Sal\u00e3o Internacional de Agricultura em Paris"},"previousItem":{"@type":"ListItem","@id":"https:\/\/www.gluon.com.br\/blog#listItem","name":"Home"}},{"@type":"ListItem","@id":"https:\/\/www.gluon.com.br\/blog\/2007\/03\/11\/agricultura-paris\/#listItem","position":3,"name":"Sal\u00e3o Internacional de Agricultura em Paris","previousItem":{"@type":"ListItem","@id":"https:\/\/www.gluon.com.br\/blog\/category\/uncategorized\/#listItem","name":"Uncategorized"}}]},{"@type":"Organization","@id":"https:\/\/www.gluon.com.br\/blog\/#organization","name":"Gl\u00faon\/ blog","description":"Variedades cient\u00edficas","url":"https:\/\/www.gluon.com.br\/blog\/"},{"@type":"Person","@id":"https:\/\/www.gluon.com.br\/blog\/author\/francablog\/#author","url":"https:\/\/www.gluon.com.br\/blog\/author\/francablog\/","name":"francablog"},{"@type":"WebPage","@id":"https:\/\/www.gluon.com.br\/blog\/2007\/03\/11\/agricultura-paris\/#webpage","url":"https:\/\/www.gluon.com.br\/blog\/2007\/03\/11\/agricultura-paris\/","name":"Sal\u00e3o Internacional de Agricultura em Paris | Gl\u00faon\/ blog","description":"Ontem fui visitar a exposi\u00e7\u00e3o sobre agricultura. http:\/\/www.salon-agriculture.com\/ Consegui entrada gratu\u00edta pelo port\u00e3o dos visitantes estrangeiros. :-) Pelo que percebi o Sal\u00e3o \u00e9 focado nos visitantes urbanos e n\u00e3o parece ter o objetivo de ser um contato com quem trabalha na \u00e1rea. N\u00e3o vi muita coisa de agricultura, mais foi pecu\u00e1ria. Achei interessante a propaganda","inLanguage":"pt-BR","isPartOf":{"@id":"https:\/\/www.gluon.com.br\/blog\/#website"},"breadcrumb":{"@id":"https:\/\/www.gluon.com.br\/blog\/2007\/03\/11\/agricultura-paris\/#breadcrumblist"},"author":{"@id":"https:\/\/www.gluon.com.br\/blog\/author\/francablog\/#author"},"creator":{"@id":"https:\/\/www.gluon.com.br\/blog\/author\/francablog\/#author"},"datePublished":"2007-03-11T10:04:44+00:00","dateModified":"2007-03-11T10:04:44+00:00"},{"@type":"WebSite","@id":"https:\/\/www.gluon.com.br\/blog\/#website","url":"https:\/\/www.gluon.com.br\/blog\/","name":"Gl\u00faon\/ blog","description":"Variedades cient\u00edficas","inLanguage":"pt-BR","publisher":{"@id":"https:\/\/www.gluon.com.br\/blog\/#organization"}}]}},"aioseo_meta_data":{"post_id":"6809","title":null,"description":null,"keywords":null,"keyphrases":null,"primary_term":null,"canonical_url":null,"og_title":null,"og_description":null,"og_object_type":"default","og_image_type":"default","og_image_url":null,"og_image_width":null,"og_image_height":null,"og_image_custom_url":null,"og_image_custom_fields":null,"og_video":null,"og_custom_url":null,"og_article_section":null,"og_article_tags":null,"twitter_use_og":false,"twitter_card":"default","twitter_image_type":"default","twitter_image_url":null,"twitter_image_custom_url":null,"twitter_image_custom_fields":null,"twitter_title":null,"twitter_description":null,"schema":{"blockGraphs":[],"customGraphs":[],"default":{"data":{"Article":[],"Course":[],"Dataset":[],"FAQPage":[],"Movie":[],"Person":[],"Product":[],"ProductReview":[],"Car":[],"Recipe":[],"Service":[],"SoftwareApplication":[],"WebPage":[]},"graphName":"","isEnabled":true},"graphs":[],"defaultGraph":"","defaultPostTypeGraph":""},"schema_type":null,"schema_type_options":null,"pillar_content":false,"robots_default":true,"robots_noindex":false,"robots_noarchive":false,"robots_nosnippet":false,"robots_nofollow":false,"robots_noimageindex":false,"robots_noodp":false,"robots_notranslate":false,"robots_max_snippet":null,"robots_max_videopreview":null,"robots_max_imagepreview":"large","priority":null,"frequency":null,"local_seo":null,"breadcrumb_settings":null,"limit_modified_date":false,"ai":null,"created":"2021-01-07 18:56:16","updated":"2022-09-21 23:56:29","seo_analyzer_scan_date":null,"focus_keyword":null,"additional_keywords":null,"truseo_locale":null},"amp_enabled":true,"_links":{"self":[{"href":"https:\/\/www.gluon.com.br\/blog\/wp-json\/wp\/v2\/posts\/6809","targetHints":{"allow":["GET"]}}],"collection":[{"href":"https:\/\/www.gluon.com.br\/blog\/wp-json\/wp\/v2\/posts"}],"about":[{"href":"https:\/\/www.gluon.com.br\/blog\/wp-json\/wp\/v2\/types\/post"}],"author":[{"embeddable":true,"href":"https:\/\/www.gluon.com.br\/blog\/wp-json\/wp\/v2\/users\/3"}],"replies":[{"embeddable":true,"href":"https:\/\/www.gluon.com.br\/blog\/wp-json\/wp\/v2\/comments?post=6809"}],"version-history":[{"count":0,"href":"https:\/\/www.gluon.com.br\/blog\/wp-json\/wp\/v2\/posts\/6809\/revisions"}],"wp:attachment":[{"href":"https:\/\/www.gluon.com.br\/blog\/wp-json\/wp\/v2\/media?parent=6809"}],"wp:term":[{"taxonomy":"category","embeddable":true,"href":"https:\/\/www.gluon.com.br\/blog\/wp-json\/wp\/v2\/categories?post=6809"},{"taxonomy":"post_tag","embeddable":true,"href":"https:\/\/www.gluon.com.br\/blog\/wp-json\/wp\/v2\/tags?post=6809"}],"curies":[{"name":"wp","href":"https:\/\/api.w.org\/{rel}","templated":true}]}}