{"id":6730,"date":"2013-11-02T08:32:57","date_gmt":"2013-11-02T11:32:57","guid":{"rendered":"http:\/\/www.conexoes.org\/?p=548"},"modified":"2013-11-02T08:32:57","modified_gmt":"2013-11-02T11:32:57","slug":"precisao-a-medida-de-todas-as-coisas-tempo-e-distancia","status":"publish","type":"post","link":"https:\/\/www.gluon.com.br\/blog\/2013\/11\/02\/precisao-a-medida-de-todas-as-coisas-tempo-e-distancia\/","title":{"rendered":"Precis\u00e3o: A medida de todas as coisas &#8211; Tempo e dist\u00e2ncia"},"content":{"rendered":"<p><img loading=\"lazy\" decoding=\"async\" src=\"https:\/\/www.gluon.com.br\/blog\/wp-content\/uploads\/2013\/11\/relogio-atomico.jpg\" alt=\"peda\u00e7o de um equipamento\" width=\"600\" height=\"202\" class=\"alignnone size-full wp-image-549\" \/><br \/>\nT\u00edtulo original: <em>Precision: The Measure of All Things &#8211; Time and Distance<\/em><br \/>\nBBC<br \/>\nAno 2013<br \/>\n<img loading=\"lazy\" decoding=\"async\" src=\"https:\/\/www.gluon.com.br\/blog\/wp-content\/uploads\/2010\/07\/nota-8.jpg\" alt=\"nota 8\" width=\"256\" height=\"25\" class=\"alignnone size-full wp-image-43\" \/><\/p>\n<p>Nesta s\u00e9rie de tr\u00eas epis\u00f3dios sobre o mundo da precis\u00e3o cient\u00edfica, o Professor Marcus du Sautoy inicia sua jornada investigando a hist\u00f3ria e evolu\u00e7\u00e3o dos padr\u00f5es de medida de dist\u00e2ncia e tempo.<br \/>\nAmbas medidas, de tempo e dist\u00e2ncia, ficaram a merc\u00ea de decis\u00f5es meramente pol\u00edticas e ideol\u00f3gicas. Cada governante com sua arrog\u00e2ncia e vis\u00e3o de poder tentava impor sobre todo o mundo os seus padr\u00f5es. Mas as necessidades de com\u00e9rcio e de padroniza\u00e7\u00e3o em medidas cient\u00edficas acabou falando mais alto (ou nem tanto).<br \/>\nCuriosamente os padr\u00f5es de tempo e dist\u00e2ncia est\u00e3o atualmente interligados pela f\u00edsica da luz e da vibra\u00e7\u00e3o de \u00e1tomos, tendo a ci\u00eancia como o balizador desta antiga pol\u00eamica.<\/p>\n<p>Visita do Professor Marcus du Sautoy \u00e0 uma r\u00e9plica da caverna de Lascaux.<br \/>\n<iframe loading=\"lazy\" width=\"400\" height=\"500\" frameborder=\"0\" src=\"http:\/\/www.bbc.co.uk\/emp\/embed\/smpEmbed.html?playlist=http%3A%2F%2Fwww.bbc.co.uk%2Fiplayer%2Fplaylist%2Fp019z4p1&#038;title=Precision%3A%20The%20Measure%20of%20All%20Things%3A%20Time%20and%20Distance%3A%20The%20Cro-Magnon%20caves%20of%20Lascaux&#038;product=iplayer\"><\/iframe><\/p>\n<p>Epis\u00f3dios:<br \/>\n&#8211; Tempo e dist\u00e2ncia<br \/>\n&#8211; <a href=\"http:\/\/www.gluon.org\/blog\/massas-e-mois-precisao-a-medida-de-todas-as-coisas\/\">Massa e m\u00f3is<\/a><br \/>\n&#8211; <a href=\"http:\/\/www.gluon.org\/blog\/luz-calor-e-eletricidade-precisao-a-medida-de-todas-as-coisas\/\">Luz, calor e eletricidade<\/a><\/p>\n","protected":false},"excerpt":{"rendered":"<p>T\u00edtulo original: Precision: The Measure of All Things &#8211; Time and Distance BBC Ano 2013 Nesta s\u00e9rie de tr\u00eas epis\u00f3dios sobre o mundo da precis\u00e3o cient\u00edfica, o Professor Marcus du Sautoy inicia sua jornada investigando a hist\u00f3ria e evolu\u00e7\u00e3o dos padr\u00f5es de medida de dist\u00e2ncia e tempo. Ambas medidas, de tempo e dist\u00e2ncia, ficaram a merc\u00ea de decis\u00f5es meramente pol\u00edticas e ideol\u00f3gicas. Cada governante com sua arrog\u00e2ncia e vis\u00e3o de poder tentava impor sobre todo o mundo os seus padr\u00f5es. Mas as necessidades de com\u00e9rcio e de padroniza\u00e7\u00e3o em medidas cient\u00edficas acabou falando mais alto (ou nem tanto). Curiosamente os <\/p>\n","protected":false},"author":2,"featured_media":549,"comment_status":"open","ping_status":"open","sticky":false,"template":"","format":"standard","meta":{"footnotes":""},"categories":[62],"tags":[81,85,44],"class_list":["post-6730","post","type-post","status-publish","format-standard","has-post-thumbnail","hentry","category-bbc","tag-fisica","tag-historia","tag-nota-8","has_thumb"],"aioseo_notices":[],"amp_enabled":true,"_links":{"self":[{"href":"https:\/\/www.gluon.com.br\/blog\/wp-json\/wp\/v2\/posts\/6730","targetHints":{"allow":["GET"]}}],"collection":[{"href":"https:\/\/www.gluon.com.br\/blog\/wp-json\/wp\/v2\/posts"}],"about":[{"href":"https:\/\/www.gluon.com.br\/blog\/wp-json\/wp\/v2\/types\/post"}],"author":[{"embeddable":true,"href":"https:\/\/www.gluon.com.br\/blog\/wp-json\/wp\/v2\/users\/2"}],"replies":[{"embeddable":true,"href":"https:\/\/www.gluon.com.br\/blog\/wp-json\/wp\/v2\/comments?post=6730"}],"version-history":[{"count":0,"href":"https:\/\/www.gluon.com.br\/blog\/wp-json\/wp\/v2\/posts\/6730\/revisions"}],"wp:featuredmedia":[{"embeddable":true,"href":"https:\/\/www.gluon.com.br\/blog\/wp-json\/"}],"wp:attachment":[{"href":"https:\/\/www.gluon.com.br\/blog\/wp-json\/wp\/v2\/media?parent=6730"}],"wp:term":[{"taxonomy":"category","embeddable":true,"href":"https:\/\/www.gluon.com.br\/blog\/wp-json\/wp\/v2\/categories?post=6730"},{"taxonomy":"post_tag","embeddable":true,"href":"https:\/\/www.gluon.com.br\/blog\/wp-json\/wp\/v2\/tags?post=6730"}],"curies":[{"name":"wp","href":"https:\/\/api.w.org\/{rel}","templated":true}]}}