{"id":6725,"date":"2013-08-19T09:31:19","date_gmt":"2013-08-19T12:31:19","guid":{"rendered":"http:\/\/www.conexoes.org\/?p=527"},"modified":"2013-08-19T09:31:19","modified_gmt":"2013-08-19T12:31:19","slug":"a-terra-primitiva-e-sua-lua","status":"publish","type":"post","link":"https:\/\/www.gluon.com.br\/blog\/2013\/08\/19\/a-terra-primitiva-e-sua-lua\/","title":{"rendered":"A Terra primitiva e sua Lua"},"content":{"rendered":"<p><img loading=\"lazy\" decoding=\"async\" src=\"https:\/\/www.gluon.com.br\/blog\/wp-content\/uploads\/2013\/08\/pedaco-lua-wiki.jpg\" alt=\"fotografia da lua noturna\" width=\"600\" height=\"296\" class=\"alignnone size-full wp-image-528\" \/><br \/>\nT\u00edtulo original: <em>The Early Earth and Its Moon<\/em><br \/>\nAno 2013<br \/>\nThe Great Courses<br \/>\n<img loading=\"lazy\" decoding=\"async\" src=\"https:\/\/www.gluon.com.br\/blog\/wp-content\/uploads\/2010\/07\/nota-9.jpg\" alt=\"nota 9\" width=\"251\" height=\"25\" class=\"alignnone size-full wp-image-45\" \/><\/p>\n<p>A rela\u00e7\u00e3o da Terra com a Lua, o surgimento do nosso sat\u00e9lite natural e a sua import\u00e2ncia para o desenvolvimento da vida terrestre s\u00e3o discutidos pelo Professor Laird Close, da Universidade do Arizona.<br \/>\nEm todo o epis\u00f3dio a Terra \u00e9 sempre tomada como refer\u00eancia exclusiva de vida, o que torna as explica\u00e7\u00f5es um pouco restritas, ignorando assim possibilidades de vida em ambientes um pouco mais extremos ou diferenciados. No entanto, parece que isto \u00e9 feito para facilitar a condu\u00e7\u00e3o da linha de explica\u00e7\u00e3o, e n\u00e3o como um erro ou bitola\u00e7\u00e3o do Professor.<br \/>\nUm dos destaques \u00e9 a &#8216;Hip\u00f3tese do grande impacto&#8217; para explicar o surgimento da Lua e sua atual posi\u00e7\u00e3o e rela\u00e7\u00e3o com a Terra.<br \/>\nLaird Close tamb\u00e9m ressalta que a Lua tem import\u00e2ncia como um gerador de mar\u00e9s, que podem ter sido auxiiares na incuba\u00e7\u00e3o de vida primitiva em po\u00e7as presentes nas prais, causadas pelo ir e vir das mar\u00e9s. Al\u00e9m da fun\u00e7\u00e3o estabilizadora de movimentos realizada pela Lua sobre a Terra.<br \/>\nA aus\u00eancia de um grande n\u00facleo de magma da Lua tamb\u00e9m \u00e9 usada como gancho para falar da rela\u00e7\u00e3o entre o campo magn\u00e9tico terrestre e sua fun\u00e7\u00e3o protetora da atmosfera da Terra. Formando uma esp\u00e9cie de escudo contra a incid\u00eancia constante dos ventos solares.<\/p>\n<p><strong>Epis\u00f3dios<\/strong><br \/>\n<a href=\"http:\/\/www.gluon.org\/blog\/existe-vida-em-outros-lugares-em-nosso-universo-a-vida-no-nosso-universo\/\">&#8211; Existe vida em outros lugares em nosso universo?<\/a><br \/>\n<a href=\"http:\/\/www.gluon.org\/blog\/bang-um-universo-construido-para-a-vida\/\">&#8211; Bang! Um Universo Constru\u00eddo para a Vida<\/a><br \/>\n<a href=\"http:\/\/www.gluon.org\/blog\/nasce-uma-estrela-formacao-do-sistema-solar\/\">&#8211; Nasce Uma Estrela. Forma\u00e7\u00e3o do Sistema Solar<\/a><\/p>\n<p>Assista um v\u00eddeo sobre a s\u00e9rie<br \/>\n<iframe loading=\"lazy\" width=\"600\" height=\"338\" src=\"\/\/www.youtube.com\/embed\/JjzI0z-Nk4k\" frameborder=\"0\" allowfullscreen><\/iframe><\/p>\n","protected":false},"excerpt":{"rendered":"<p>T\u00edtulo original: The Early Earth and Its Moon Ano 2013 The Great Courses A rela\u00e7\u00e3o da Terra com a Lua, o surgimento do nosso sat\u00e9lite natural e a sua import\u00e2ncia para o desenvolvimento da vida terrestre s\u00e3o discutidos pelo Professor Laird Close, da Universidade do Arizona. Em todo o epis\u00f3dio a Terra \u00e9 sempre tomada como refer\u00eancia exclusiva de vida, o que torna as explica\u00e7\u00f5es um pouco restritas, ignorando assim possibilidades de vida em ambientes um pouco mais extremos ou diferenciados. No entanto, parece que isto \u00e9 feito para facilitar a condu\u00e7\u00e3o da linha de explica\u00e7\u00e3o, e n\u00e3o como um <\/p>\n","protected":false},"author":2,"featured_media":528,"comment_status":"open","ping_status":"open","sticky":false,"template":"","format":"standard","meta":{"footnotes":""},"categories":[68],"tags":[86,45],"class_list":["post-6725","post","type-post","status-publish","format-standard","has-post-thumbnail","hentry","category-outros","tag-historia-do-universo","tag-nota-9","has_thumb"],"aioseo_notices":[],"amp_enabled":true,"_links":{"self":[{"href":"https:\/\/www.gluon.com.br\/blog\/wp-json\/wp\/v2\/posts\/6725","targetHints":{"allow":["GET"]}}],"collection":[{"href":"https:\/\/www.gluon.com.br\/blog\/wp-json\/wp\/v2\/posts"}],"about":[{"href":"https:\/\/www.gluon.com.br\/blog\/wp-json\/wp\/v2\/types\/post"}],"author":[{"embeddable":true,"href":"https:\/\/www.gluon.com.br\/blog\/wp-json\/wp\/v2\/users\/2"}],"replies":[{"embeddable":true,"href":"https:\/\/www.gluon.com.br\/blog\/wp-json\/wp\/v2\/comments?post=6725"}],"version-history":[{"count":0,"href":"https:\/\/www.gluon.com.br\/blog\/wp-json\/wp\/v2\/posts\/6725\/revisions"}],"wp:featuredmedia":[{"embeddable":true,"href":"https:\/\/www.gluon.com.br\/blog\/wp-json\/"}],"wp:attachment":[{"href":"https:\/\/www.gluon.com.br\/blog\/wp-json\/wp\/v2\/media?parent=6725"}],"wp:term":[{"taxonomy":"category","embeddable":true,"href":"https:\/\/www.gluon.com.br\/blog\/wp-json\/wp\/v2\/categories?post=6725"},{"taxonomy":"post_tag","embeddable":true,"href":"https:\/\/www.gluon.com.br\/blog\/wp-json\/wp\/v2\/tags?post=6725"}],"curies":[{"name":"wp","href":"https:\/\/api.w.org\/{rel}","templated":true}]}}