{"id":648,"date":"2007-02-25T16:20:25","date_gmt":"2007-02-25T19:20:25","guid":{"rendered":"https:\/\/www.gluon.com.br\/blog\/2007\/02\/25\/van-gogh-psicose\/"},"modified":"2007-02-25T16:20:25","modified_gmt":"2007-02-25T19:20:25","slug":"van-gogh-psicose","status":"publish","type":"post","link":"https:\/\/www.gluon.com.br\/blog\/2007\/02\/25\/van-gogh-psicose\/","title":{"rendered":"van Gogh e psicose"},"content":{"rendered":"<p>Hoje fui visitar o Mus\u00e9e d&#8217;Orsay, onde est\u00e3o algumas obras do van Gogh.<br \/>\nUma das obras que vi foi esta abaixo.<br \/>\n<img decoding=\"async\" id=\"image647\" src=\"https:\/\/www.gluon.com.br\/blog\/wp-content\/uploads\/2007\/02\/van_gogh.jpg\" alt=\"van gogh arte quadro\" \/><br \/>\nVendo o quadro de perto logo lembrei de um texto que escrevi aqui no blog, sobre Psicose e arte.<br \/>\n<strong><a href=\"https:\/\/www.gluon.com.br\/blog\/2005\/10\/05\/psicose-arte\/\">https:\/\/www.gluon.com.br\/blog\/2005\/10\/05\/psicose-arte\/<\/a><\/strong><br \/>\nno qual mostrei a mudan\u00e7a no estilo de um pintor enquanto avan\u00e7ava em &#8216;est\u00e1gios&#8217; de psicose.<br \/>\n<img decoding=\"async\" id=\"image649\" src=\"https:\/\/www.gluon.com.br\/blog\/wp-content\/uploads\/2007\/02\/gato2bb.jpg\" alt=\"gato psicose arte\" \/><br \/>\n<strong><a href=\"http:\/\/www.cerebromente.org.br\/gallery\/gall_leonardo\/fig1-a.htm\">http:\/\/www.cerebromente.org.br\/gallery\/gall_leonardo\/fig1-a.htm<\/a><\/strong><br \/>\nvan Gogh reconhecidamente tinha problemas psicol\u00f3gicos e cometeu suic\u00eddio.<\/p>\n<p>Sobre G\u00eanios e Loucos<br \/>\n<strong><a href=\"http:\/\/www2.uol.com.br\/vivermente\/conteudo\/materia\/materia_14.html\">http:\/\/www2.uol.com.br\/vivermente\/conteudo\/materia\/materia_14.html<\/a><\/strong><\/p>\n<p>Fotos do Museu de Orsay<br \/>\n<strong><a href=\"http:\/\/picasaweb.google.com\/contatopsn\/MuseuDeOrsay\">http:\/\/picasaweb.google.com\/contatopsn\/MuseuDeOrsay<\/a><\/strong><\/p>\n","protected":false},"excerpt":{"rendered":"<p>Hoje fui visitar o Mus\u00e9e d&#8217;Orsay, onde est\u00e3o algumas obras do van Gogh. Uma das obras que vi foi esta abaixo. Vendo o quadro de perto logo lembrei de um texto que escrevi aqui no blog, sobre Psicose e arte. https:\/\/www.gluon.com.br\/blog\/2005\/10\/05\/psicose-arte\/ no qual mostrei a mudan\u00e7a no estilo de um pintor enquanto avan\u00e7ava em &#8216;est\u00e1gios&#8217; de psicose. http:\/\/www.cerebromente.org.br\/gallery\/gall_leonardo\/fig1-a.htm van Gogh reconhecidamente tinha problemas psicol\u00f3gicos e cometeu suic\u00eddio. Sobre G\u00eanios e Loucos http:\/\/www2.uol.com.br\/vivermente\/conteudo\/materia\/materia_14.html Fotos do Museu de Orsay http:\/\/picasaweb.google.com\/contatopsn\/MuseuDeOrsay<\/p>\n","protected":false},"author":1,"featured_media":0,"comment_status":"open","ping_status":"open","sticky":false,"template":"","format":"standard","meta":{"footnotes":""},"categories":[4,26],"tags":[],"class_list":["post-648","post","type-post","status-publish","format-standard","hentry","category-artes","category-neurociencias"],"aioseo_notices":[],"amp_enabled":true,"_links":{"self":[{"href":"https:\/\/www.gluon.com.br\/blog\/wp-json\/wp\/v2\/posts\/648","targetHints":{"allow":["GET"]}}],"collection":[{"href":"https:\/\/www.gluon.com.br\/blog\/wp-json\/wp\/v2\/posts"}],"about":[{"href":"https:\/\/www.gluon.com.br\/blog\/wp-json\/wp\/v2\/types\/post"}],"author":[{"embeddable":true,"href":"https:\/\/www.gluon.com.br\/blog\/wp-json\/wp\/v2\/users\/1"}],"replies":[{"embeddable":true,"href":"https:\/\/www.gluon.com.br\/blog\/wp-json\/wp\/v2\/comments?post=648"}],"version-history":[{"count":0,"href":"https:\/\/www.gluon.com.br\/blog\/wp-json\/wp\/v2\/posts\/648\/revisions"}],"wp:attachment":[{"href":"https:\/\/www.gluon.com.br\/blog\/wp-json\/wp\/v2\/media?parent=648"}],"wp:term":[{"taxonomy":"category","embeddable":true,"href":"https:\/\/www.gluon.com.br\/blog\/wp-json\/wp\/v2\/categories?post=648"},{"taxonomy":"post_tag","embeddable":true,"href":"https:\/\/www.gluon.com.br\/blog\/wp-json\/wp\/v2\/tags?post=648"}],"curies":[{"name":"wp","href":"https:\/\/api.w.org\/{rel}","templated":true}]}}