{"id":6208,"date":"2016-01-30T18:25:16","date_gmt":"2016-01-30T18:25:16","guid":{"rendered":"https:\/\/www.gluon.com.br\/blog\/?p=6208"},"modified":"2016-02-01T18:54:50","modified_gmt":"2016-02-01T18:54:50","slug":"alemanha-em-uma-guerra-de-dois-fronts-e-o-plano-schlieffen-primeira-guerra-mundial","status":"publish","type":"post","link":"https:\/\/www.gluon.com.br\/blog\/2016\/01\/30\/alemanha-em-uma-guerra-de-dois-fronts-e-o-plano-schlieffen-primeira-guerra-mundial\/","title":{"rendered":"Alemanha em uma guerra de dois fronts e o Plano Schlieffen &#8211; Primeira Guerra Mundial"},"content":{"rendered":"<p><img loading=\"lazy\" decoding=\"async\" class=\"alignnone size-full wp-image-6209\" src=\"https:\/\/www.gluon.com.br\/blog\/wp-content\/uploads\/2016\/01\/semana-2-grande-guerra.jpg\" alt=\"7 de agosto de 1914 na primeira guerra\" width=\"600\" height=\"338\" \/><\/p>\n<p>Uma das primeiras a\u00e7\u00f5es b\u00e9licas da Primeira Guerra Mundial foi o bombardeio da cidade de Belgrado (localizada na S\u00e9rvia) pelo Imp\u00e9rio Austro-H\u00fangaro. Mas a quantidade de soldados mobilizado para o ataque \u00e0 S\u00e9rvia chamou a aten\u00e7\u00e3o da R\u00fassia &#8211; o que j\u00e1 adiantava que as inten\u00e7\u00f5es n\u00e3o eram de apenas uma a\u00e7\u00e3o localizada, mas de uma guerra de grandes propor\u00e7\u00f5es. Isso levou a R\u00fassia a tamb\u00e9m mobilizar suas for\u00e7as e deslocar para a fronteira; apesar de n\u00e3o desejar uma guerra com o forte aliado do Imp\u00e9rio Austro-H\u00fangaro &#8211; a Alemanha!<\/p>\n<p>Ao mesmo tempo a Alemanha come\u00e7ava a movimentar suas pe\u00e7as com a mobiliza\u00e7\u00e3o da frota de navios e em resposta a Inglaterra tamb\u00e9m enviou os seus em dire\u00e7\u00e3o ao Mar do Norte.<\/p>\n<p>J\u00e1 era de conhecimento entre as for\u00e7as militares de que a Alemanha possu\u00eda um plano para poder realizar uma guerra em dois fronts &#8211; o Plano Schlieffen. Que consistia em um front na R\u00fassia para proteger as fronteiras alem\u00e3s na regi\u00e3o e garantir a integridade do aliado Imp\u00e9rio Austro-H\u00fangaro; e um front no lado da fronteira com a Fran\u00e7a para um &#8216;ataque preventivo&#8217; garantindo que a Fran\u00e7a n\u00e3o causaria problemas ao se juntar com o seu aliado, a R\u00fassia.<\/p>\n<p>A quest\u00e3o toda neste jogo de estrat\u00e9gia militar e alian\u00e7as pol\u00edticas \u00e9: De qual lado ficaria a Inglaterra? Entrariam para a guerra indo para a Fran\u00e7a para proteger o pa\u00eds e impedir que a Alemanha conquistasse mais territ\u00f3rio e poder econ\u00f4mico? Permaneceriam neutras para poupar as vidas dos jovens soldados? Ou surpreendentemente lutariam ao lado da Alemanha?<br \/>\nA resposta \u00e9 que a Inglaterra entrou para lutar ao lado da Fran\u00e7a.<\/p>\n<p>Um dos motivos da decis\u00e3o da Inglaterra \u00e9 que o Plano Schlieffen inclu\u00eda um ataque realizado da Alemanha contra a Fran\u00e7a passando pela neutra B\u00e9lgica. E a B\u00e9lgica tinha um tratado com a Inglaterra; al\u00e9m de, \u00e9 claro, ficar mais f\u00e1cil de justificar para a popula\u00e7\u00e3o inglesa de que era necess\u00e1rio entrar na guerra para vingar o covarde ataque \u00e0 B\u00e9lgica<\/p>\n<p><strong>Veja mais detalhes sobre esta hist\u00f3ria no v\u00eddeo abaixo.<\/strong><br \/>\n(<strong>v\u00eddeo com legendas em portugu\u00eas<\/strong>)<br \/>\n<iframe loading=\"lazy\" src=\"https:\/\/www.youtube.com\/embed\/O0XfT60rvsA\" width=\"640\" height=\"360\" frameborder=\"0\" allowfullscreen=\"allowfullscreen\"><\/iframe><\/p>\n<p>Para entender mais alguns detalhes do Plano Schlieffen indico tamb\u00e9m o v\u00eddeo abaixo (tamb\u00e9m com legendas em portugu\u00eas).<br \/>\n<iframe loading=\"lazy\" src=\"https:\/\/www.youtube.com\/embed\/7AOOlxbZN3E\" width=\"640\" height=\"360\" frameborder=\"0\" allowfullscreen=\"allowfullscreen\"><\/iframe><\/p>\n<p>Veja a <a href=\"https:\/\/www.gluon.com.br\/blog\/2016\/02\/01\/as-armas-envio-de-tropas-primeira-guerra-mundial\/\">pr\u00f3xima parte dessa s\u00e9rie (clique aqui)<\/a>.<\/p>\n","protected":false},"excerpt":{"rendered":"<p>Uma das primeiras a\u00e7\u00f5es b\u00e9licas da Primeira Guerra Mundial foi o bombardeio da cidade de Belgrado (localizada na S\u00e9rvia) pelo Imp\u00e9rio Austro-H\u00fangaro. Mas a quantidade de soldados mobilizado para o ataque \u00e0 S\u00e9rvia chamou a aten\u00e7\u00e3o da R\u00fassia &#8211; o que j\u00e1 adiantava que as inten\u00e7\u00f5es n\u00e3o eram de apenas uma a\u00e7\u00e3o localizada, mas de uma guerra de grandes propor\u00e7\u00f5es. Isso levou a R\u00fassia a tamb\u00e9m mobilizar suas for\u00e7as e deslocar para a fronteira; apesar de n\u00e3o desejar uma guerra com o forte aliado do Imp\u00e9rio Austro-H\u00fangaro &#8211; a Alemanha! Ao mesmo tempo a Alemanha come\u00e7ava a movimentar suas pe\u00e7as <\/p>\n","protected":false},"author":1,"featured_media":6209,"comment_status":"open","ping_status":"open","sticky":false,"template":"","format":"standard","meta":{"footnotes":""},"categories":[21],"tags":[],"class_list":["post-6208","post","type-post","status-publish","format-standard","has-post-thumbnail","hentry","category-historia","has_thumb"],"aioseo_notices":[],"amp_enabled":true,"_links":{"self":[{"href":"https:\/\/www.gluon.com.br\/blog\/wp-json\/wp\/v2\/posts\/6208","targetHints":{"allow":["GET"]}}],"collection":[{"href":"https:\/\/www.gluon.com.br\/blog\/wp-json\/wp\/v2\/posts"}],"about":[{"href":"https:\/\/www.gluon.com.br\/blog\/wp-json\/wp\/v2\/types\/post"}],"author":[{"embeddable":true,"href":"https:\/\/www.gluon.com.br\/blog\/wp-json\/wp\/v2\/users\/1"}],"replies":[{"embeddable":true,"href":"https:\/\/www.gluon.com.br\/blog\/wp-json\/wp\/v2\/comments?post=6208"}],"version-history":[{"count":3,"href":"https:\/\/www.gluon.com.br\/blog\/wp-json\/wp\/v2\/posts\/6208\/revisions"}],"predecessor-version":[{"id":6225,"href":"https:\/\/www.gluon.com.br\/blog\/wp-json\/wp\/v2\/posts\/6208\/revisions\/6225"}],"wp:featuredmedia":[{"embeddable":true,"href":"https:\/\/www.gluon.com.br\/blog\/wp-json\/wp\/v2\/media\/6209"}],"wp:attachment":[{"href":"https:\/\/www.gluon.com.br\/blog\/wp-json\/wp\/v2\/media?parent=6208"}],"wp:term":[{"taxonomy":"category","embeddable":true,"href":"https:\/\/www.gluon.com.br\/blog\/wp-json\/wp\/v2\/categories?post=6208"},{"taxonomy":"post_tag","embeddable":true,"href":"https:\/\/www.gluon.com.br\/blog\/wp-json\/wp\/v2\/tags?post=6208"}],"curies":[{"name":"wp","href":"https:\/\/api.w.org\/{rel}","templated":true}]}}