{"id":6202,"date":"2016-01-30T17:40:42","date_gmt":"2016-01-30T17:40:42","guid":{"rendered":"https:\/\/www.gluon.com.br\/blog\/?p=6202"},"modified":"2016-02-01T18:54:03","modified_gmt":"2016-02-01T18:54:03","slug":"europa-antes-da-primeira-guerra-mundial","status":"publish","type":"post","link":"https:\/\/www.gluon.com.br\/blog\/2016\/01\/30\/europa-antes-da-primeira-guerra-mundial\/","title":{"rendered":"Europa Antes da Primeira Guerra Mundial"},"content":{"rendered":"<p><img loading=\"lazy\" decoding=\"async\" class=\"alignnone size-full wp-image-6203\" src=\"https:\/\/www.gluon.com.br\/blog\/wp-content\/uploads\/2016\/01\/logo-grande-guerra-canal-2.jpg\" alt=\"logotipo do canal discutido no texto\" width=\"600\" height=\"356\" \/><br \/>\nO canal Great War (Grande Guerra) segue a Primeira Guerra Mundial semana a semana, de 28 de julho de 1914 at\u00e9 11 de novembro de 1918. A publica\u00e7\u00e3o dos v\u00eddeos no YouTube se iniciou em julho de 2014 e se estender\u00e1 at\u00e9 novembro de 2018 &#8211; seguindo a cronologia hist\u00f3rica dos eventos.<\/p>\n<p>Al\u00e9m dessa cronologia os organizadores do canal oferecem extras, entrevistas e respondem d\u00favidas de interessados que acompanham essa empreitada de 4 anos repletos de hist\u00f3rias.<\/p>\n<p>Logo no in\u00edcio eles publicaram uma s\u00e9rie de tr\u00eas v\u00eddeos sobre o prel\u00fadio da guerra.<\/p>\n<p>_<br \/>\n<strong>Parte 1 de 3 &#8211; Europa Antes da Primeira Guerra Mundial: Alian\u00e7as e Inimigos<\/strong><br \/>\nEm 28 de junho de 1914 Franz Ferdinand, arquiduque do Imp\u00e9rio Austro-H\u00fangaro foi assassinado; e este \u00e9 considerado um dos estopins para a Primeira Guerra.<br \/>\nA 1a Guerra mudou o mapa da Europa, alterou o equil\u00edbrio de for\u00e7as pol\u00edticas mundiais, impulsionou a tecnologia b\u00e9lica e civil &#8211; causando aproximadamente 40 milh\u00f5es de baixas (mortos ou feridos).<br \/>\nPorque iniciar a Primeira Guerra? Foi &#8216;s\u00f3&#8217; pela vingan\u00e7a da morte do arquiduque Franz Ferdinand?<br \/>\nVeja sobre isso no v\u00eddeo abaixo.<br \/>\n(<span style=\"color: #ff0000;\">v\u00eddeo com legendas em portugu\u00eas<\/span>)<br \/>\n<iframe loading=\"lazy\" src=\"https:\/\/www.youtube.com\/embed\/f11CKYB2FCA\" width=\"640\" height=\"360\" frameborder=\"0\" allowfullscreen=\"allowfullscreen\"><\/iframe><br \/>\n&#8211;<br \/>\nInstru\u00e7\u00f5es para ativar a legenda em portugu\u00eas.<br \/>\n<img loading=\"lazy\" decoding=\"async\" class=\"alignnone size-full wp-image-6198\" src=\"https:\/\/www.gluon.com.br\/blog\/wp-content\/uploads\/2016\/01\/ativando-legendas-youtube-2016.png\" alt=\"tela com instru\u00e7\u00f5es de uso do youtube\" width=\"1173\" height=\"570\" \/><\/p>\n<p>_<br \/>\n<strong>Parte 2 de 3 &#8211; O barril de p\u00f3lvora da Europa &#8211; Das ang\u00fastias nos Balc\u00e3s \u00e0 Primeira Guerra Mundial<\/strong><br \/>\nNeste v\u00eddeo abordam como o \u00f3dio cultural e o nacionalismo febril culminaram no assassinato do arquiduque do Imp\u00e9rio Austro-H\u00fangaro Franz Ferdinand durante uma visita \u00e0 Sarajevo.<br \/>\n(<span style=\"color: #ff0000;\">v\u00eddeo com legendas em portugu\u00eas<\/span>)<br \/>\n<iframe loading=\"lazy\" src=\"https:\/\/www.youtube.com\/embed\/dYrofaDfMKI\" width=\"640\" height=\"360\" frameborder=\"0\" allowfullscreen=\"allowfullscreen\"><\/iframe><\/p>\n<p>_<br \/>\n<strong>Parte 3 de 3 &#8211; Um Tiro que Mudou o Mundo &#8211; O assassinato de Franz Ferdinand<\/strong><br \/>\nFranz Ferdinand visitava Sarajevo onde era odiado por parte da popula\u00e7\u00e3o eslava, que consideravam o Imp\u00e9rio Austro-H\u00fangaro um inimigo para a independ\u00eancia da regi\u00e3o.<br \/>\nUma s\u00e9rie de erros na seguran\u00e7a do arquiduque Franz Ferdinand e at\u00e9 uma certa &#8216;sorte&#8217; do assassino Gavrilo Princip, culminou na morte do arquiduque e sua esposa.<br \/>\nVeja os detalhes de como tudo isso aconteceu &#8211; no v\u00eddeo abaixo.<br \/>\n(<span style=\"color: #ff0000;\">v\u00eddeo com legendas em portugu\u00eas<\/span>)<br \/>\n<iframe loading=\"lazy\" src=\"https:\/\/www.youtube.com\/embed\/ZmHxq28440c\" width=\"640\" height=\"360\" frameborder=\"0\" allowfullscreen=\"allowfullscreen\"><\/iframe><\/p>\n<p>&nbsp;<\/p>\n<p>Veja a <a href=\"https:\/\/www.gluon.com.br\/blog\/2016\/01\/30\/alemanha-em-uma-guerra-de-dois-fronts-e-o-plano-schlieffen-primeira-guerra-mundial\/\">pr\u00f3xima parte dessa s\u00e9rie (clique aqui)<\/a>.<\/p>\n","protected":false},"excerpt":{"rendered":"<p>O canal Great War (Grande Guerra) segue a Primeira Guerra Mundial semana a semana, de 28 de julho de 1914 at\u00e9 11 de novembro de 1918. A publica\u00e7\u00e3o dos v\u00eddeos no YouTube se iniciou em julho de 2014 e se estender\u00e1 at\u00e9 novembro de 2018 &#8211; seguindo a cronologia hist\u00f3rica dos eventos. Al\u00e9m dessa cronologia os organizadores do canal oferecem extras, entrevistas e respondem d\u00favidas de interessados que acompanham essa empreitada de 4 anos repletos de hist\u00f3rias. Logo no in\u00edcio eles publicaram uma s\u00e9rie de tr\u00eas v\u00eddeos sobre o prel\u00fadio da guerra. _ Parte 1 de 3 &#8211; Europa Antes <\/p>\n","protected":false},"author":1,"featured_media":6203,"comment_status":"open","ping_status":"open","sticky":false,"template":"","format":"standard","meta":{"footnotes":""},"categories":[21],"tags":[],"class_list":["post-6202","post","type-post","status-publish","format-standard","has-post-thumbnail","hentry","category-historia","has_thumb"],"aioseo_notices":[],"amp_enabled":true,"_links":{"self":[{"href":"https:\/\/www.gluon.com.br\/blog\/wp-json\/wp\/v2\/posts\/6202","targetHints":{"allow":["GET"]}}],"collection":[{"href":"https:\/\/www.gluon.com.br\/blog\/wp-json\/wp\/v2\/posts"}],"about":[{"href":"https:\/\/www.gluon.com.br\/blog\/wp-json\/wp\/v2\/types\/post"}],"author":[{"embeddable":true,"href":"https:\/\/www.gluon.com.br\/blog\/wp-json\/wp\/v2\/users\/1"}],"replies":[{"embeddable":true,"href":"https:\/\/www.gluon.com.br\/blog\/wp-json\/wp\/v2\/comments?post=6202"}],"version-history":[{"count":5,"href":"https:\/\/www.gluon.com.br\/blog\/wp-json\/wp\/v2\/posts\/6202\/revisions"}],"predecessor-version":[{"id":6224,"href":"https:\/\/www.gluon.com.br\/blog\/wp-json\/wp\/v2\/posts\/6202\/revisions\/6224"}],"wp:featuredmedia":[{"embeddable":true,"href":"https:\/\/www.gluon.com.br\/blog\/wp-json\/wp\/v2\/media\/6203"}],"wp:attachment":[{"href":"https:\/\/www.gluon.com.br\/blog\/wp-json\/wp\/v2\/media?parent=6202"}],"wp:term":[{"taxonomy":"category","embeddable":true,"href":"https:\/\/www.gluon.com.br\/blog\/wp-json\/wp\/v2\/categories?post=6202"},{"taxonomy":"post_tag","embeddable":true,"href":"https:\/\/www.gluon.com.br\/blog\/wp-json\/wp\/v2\/tags?post=6202"}],"curies":[{"name":"wp","href":"https:\/\/api.w.org\/{rel}","templated":true}]}}