{"id":4485,"date":"2014-04-19T18:30:35","date_gmt":"2014-04-19T18:30:35","guid":{"rendered":"https:\/\/www.gluon.com.br\/blog\/?p=4485"},"modified":"2014-04-21T18:49:38","modified_gmt":"2014-04-21T18:49:38","slug":"comeco-surpreendente-auschwitz-os-nazistas-e-a-solucao-final","status":"publish","type":"post","link":"https:\/\/www.gluon.com.br\/blog\/2014\/04\/19\/comeco-surpreendente-auschwitz-os-nazistas-e-a-solucao-final\/","title":{"rendered":"Come\u00e7o surpreendente &#8211; Auschwitz: Os Nazistas e &#8216;A Solu\u00e7\u00e3o Final&#8217;"},"content":{"rendered":"<p><img loading=\"lazy\" decoding=\"async\" src=\"https:\/\/www.gluon.com.br\/blog\/wp-content\/uploads\/2014\/04\/auschwitz-bbc-ep1.jpg\" alt=\"reconstru\u00e7\u00e3o dos alojamentos feita em computa\u00e7\u00e3o gr\u00e1fica\" width=\"720\" height=\"318\" class=\"alignnone size-full wp-image-4486\" \/><br \/>\nT\u00edtulo original: <em>Surprising Beginnings &#8211; Auschwitz &#8211; The Nazis and the Final Solution<\/em><br \/>\nAno 2005<br \/>\nBBC<br \/>\n<img loading=\"lazy\" decoding=\"async\" src=\"https:\/\/www.gluon.com.br\/blog\/wp-content\/uploads\/2013\/11\/nota-10.jpg\" alt=\"estrelas nota 10\" width=\"265\" height=\"25\" class=\"alignnone size-full wp-image-3550\" \/><\/p>\n<p>Auschwitz &#8211; local de morte de mais de 1,1 milh\u00e3o de pessoas. Mais do que o total de mortes de brit\u00e2nicos e americanos em toda a Segunda Guerra Mundial.<\/p>\n<p>O primeiro epis\u00f3dio da s\u00e9rie &#8220;Auschwitz: Os Nazistas e &#8216;A Solu\u00e7\u00e3o Final'&#8221;, composta de um total de 6 epis\u00f3dios, mostra o in\u00edcio da a\u00e7\u00e3o de exterm\u00ednio de judeus, ciganos, doentes mentais, inimigos sovi\u00e9ticos, e qualquer um que os nazistas considerassem &#8216;ra\u00e7a inferior&#8217;. Dando \u00eanfase ao fato de que o in\u00edcio do exterm\u00ednio nos campos de concentra\u00e7\u00e3o foi direcionado aos inimigos de guerra, mas que rapidamente avan\u00e7ou no que chamavam de &#8216;solu\u00e7\u00e3o final&#8217;.<\/p>\n<p>Um dos destaques fica para a entrevista ao integrante da SS, Hans Friedrich, que \u00e9 de uma amargura profunda. Mostra como a doutrina\u00e7\u00e3o desde a inf\u00e2ncia para odiar judeus levou soldados como Hans Friedrich a participarem de grupos de exterm\u00ednio.<\/p>\n<p>A fotografia escura e melanc\u00f3lica deixam este excelente document\u00e1rio ainda mais triste. <\/p>\n<p><iframe loading=\"lazy\" width=\"640\" height=\"480\" src=\"\/\/www.youtube.com\/embed\/6MtkcONe3wQ\" frameborder=\"0\" allowfullscreen><\/iframe><\/p>\n<p>A obra tamb\u00e9m \u00e9 acompanhada do livro &#8220;<a href=\"http:\/\/www.worldcat.org\/search?q=isbn%3A9780563522966\">Auschwitz : the Nazis &#038; the &#8216;final solution&#8217;<\/a>&#8220;, dispon\u00edvel em <a href=\"http:\/\/www.livrariacultura.com.br\/scripts\/resenha\/resenha.asp?nitem=1224103\">portugu\u00eas (de Portugal)<\/a>.<\/p>\n<p>A s\u00e9rie atualmente est\u00e1 dispon\u00edvel no cat\u00e1logo do Netflix Brasil.<\/p>\n","protected":false},"excerpt":{"rendered":"<p>T\u00edtulo original: Surprising Beginnings &#8211; Auschwitz &#8211; The Nazis and the Final Solution Ano 2005 BBC Auschwitz &#8211; local de morte de mais de 1,1 milh\u00e3o de pessoas. Mais do que o total de mortes de brit\u00e2nicos e americanos em toda a Segunda Guerra Mundial. O primeiro epis\u00f3dio da s\u00e9rie &#8220;Auschwitz: Os Nazistas e &#8216;A Solu\u00e7\u00e3o Final&#8217;&#8221;, composta de um total de 6 epis\u00f3dios, mostra o in\u00edcio da a\u00e7\u00e3o de exterm\u00ednio de judeus, ciganos, doentes mentais, inimigos sovi\u00e9ticos, e qualquer um que os nazistas considerassem &#8216;ra\u00e7a inferior&#8217;. Dando \u00eanfase ao fato de que o in\u00edcio do exterm\u00ednio nos campos de <\/p>\n","protected":false},"author":1,"featured_media":4486,"comment_status":"open","ping_status":"open","sticky":false,"template":"","format":"standard","meta":{"footnotes":""},"categories":[11,21],"tags":[38,47],"class_list":["post-4485","post","type-post","status-publish","format-standard","has-post-thumbnail","hentry","category-documentarios","category-historia","tag-nota-10","tag-resenha","has_thumb"],"aioseo_notices":[],"amp_enabled":true,"_links":{"self":[{"href":"https:\/\/www.gluon.com.br\/blog\/wp-json\/wp\/v2\/posts\/4485","targetHints":{"allow":["GET"]}}],"collection":[{"href":"https:\/\/www.gluon.com.br\/blog\/wp-json\/wp\/v2\/posts"}],"about":[{"href":"https:\/\/www.gluon.com.br\/blog\/wp-json\/wp\/v2\/types\/post"}],"author":[{"embeddable":true,"href":"https:\/\/www.gluon.com.br\/blog\/wp-json\/wp\/v2\/users\/1"}],"replies":[{"embeddable":true,"href":"https:\/\/www.gluon.com.br\/blog\/wp-json\/wp\/v2\/comments?post=4485"}],"version-history":[{"count":3,"href":"https:\/\/www.gluon.com.br\/blog\/wp-json\/wp\/v2\/posts\/4485\/revisions"}],"predecessor-version":[{"id":4489,"href":"https:\/\/www.gluon.com.br\/blog\/wp-json\/wp\/v2\/posts\/4485\/revisions\/4489"}],"wp:featuredmedia":[{"embeddable":true,"href":"https:\/\/www.gluon.com.br\/blog\/wp-json\/wp\/v2\/media\/4486"}],"wp:attachment":[{"href":"https:\/\/www.gluon.com.br\/blog\/wp-json\/wp\/v2\/media?parent=4485"}],"wp:term":[{"taxonomy":"category","embeddable":true,"href":"https:\/\/www.gluon.com.br\/blog\/wp-json\/wp\/v2\/categories?post=4485"},{"taxonomy":"post_tag","embeddable":true,"href":"https:\/\/www.gluon.com.br\/blog\/wp-json\/wp\/v2\/tags?post=4485"}],"curies":[{"name":"wp","href":"https:\/\/api.w.org\/{rel}","templated":true}]}}