{"id":2438,"date":"2010-09-26T18:13:31","date_gmt":"2010-09-26T21:13:31","guid":{"rendered":"https:\/\/www.gluon.com.br\/blog\/?p=2438"},"modified":"2014-11-06T21:53:57","modified_gmt":"2014-11-06T21:53:57","slug":"eu-deveria-ter-dito","status":"publish","type":"post","link":"https:\/\/www.gluon.com.br\/blog\/2010\/09\/26\/eu-deveria-ter-dito\/","title":{"rendered":"Eu deveria ter dito&#8230;"},"content":{"rendered":"<p><img loading=\"lazy\" decoding=\"async\" src=\"https:\/\/www.gluon.com.br\/blog\/wp-content\/uploads\/2010\/09\/escadas-flickr.jpg\" alt=\"escadas logo\" title=\"escadaria\" width=\"460\" height=\"223\" class=\"alignnone size-full wp-image-2439\" \/><br \/>\nAquela sensa\u00e7\u00e3o de ter perdido a chance e o momento exato para dizer alguma frase ou expressar uma ideia, tem um nome!<br \/>\nA sensa\u00e7\u00e3o \u00e9 batizada de \u00b4<strong>L&#8217;esprit de l&#8217;escalier<\/strong>\u00b4, que em franc\u00eas significa\u00b4Esp\u00edrito da escada\u00b4, que tem este nome porque a sensa\u00e7\u00e3o ocorre na escada, quando voc\u00ea est\u00e1 saindo do local onde estava conversando ou debatendo com algu\u00e9m.<br \/>\nPenso que esta sensa\u00e7\u00e3o \u00e9 recorrente em discuss\u00f5es, debates ou momentos de humor; nos quais a velocidade de racioc\u00ednio e momento certo s\u00e3o primordiais para expressar corretamente as ideias.<\/p>\n<p>Mais sobre isso, na wikipedia<br \/>\n<a href=\"http:\/\/en.wikipedia.org\/wiki\/L'espirit_de_l'escalier\">http:\/\/en.wikipedia.org\/wiki\/L&#8217;espirit_de_l&#8217;escalier<\/a><\/p>\n<p>Um exemplo disso (em ingl\u00eas)<br \/>\n<iframe loading=\"lazy\" width=\"640\" height=\"480\" src=\"\/\/www.youtube.com\/embed\/HWe6P0kFSto\" frameborder=\"0\" allowfullscreen><\/iframe><\/p>\n","protected":false},"excerpt":{"rendered":"<p>Aquela sensa\u00e7\u00e3o de ter perdido a chance e o momento exato para dizer alguma frase ou expressar uma ideia, tem um nome! A sensa\u00e7\u00e3o \u00e9 batizada de \u00b4L&#8217;esprit de l&#8217;escalier\u00b4, que em franc\u00eas significa\u00b4Esp\u00edrito da escada\u00b4, que tem este nome porque a sensa\u00e7\u00e3o ocorre na escada, quando voc\u00ea est\u00e1 saindo do local onde estava conversando ou debatendo com algu\u00e9m. Penso que esta sensa\u00e7\u00e3o \u00e9 recorrente em discuss\u00f5es, debates ou momentos de humor; nos quais a velocidade de racioc\u00ednio e momento certo s\u00e3o primordiais para expressar corretamente as ideias. Mais sobre isso, na wikipedia http:\/\/en.wikipedia.org\/wiki\/L&#8217;espirit_de_l&#8217;escalier Um exemplo disso (em ingl\u00eas)<\/p>\n","protected":false},"author":1,"featured_media":5065,"comment_status":"open","ping_status":"open","sticky":false,"template":"","format":"standard","meta":{"footnotes":""},"categories":[26],"tags":[],"class_list":["post-2438","post","type-post","status-publish","format-standard","has-post-thumbnail","hentry","category-neurociencias","has_thumb"],"aioseo_notices":[],"amp_enabled":true,"_links":{"self":[{"href":"https:\/\/www.gluon.com.br\/blog\/wp-json\/wp\/v2\/posts\/2438","targetHints":{"allow":["GET"]}}],"collection":[{"href":"https:\/\/www.gluon.com.br\/blog\/wp-json\/wp\/v2\/posts"}],"about":[{"href":"https:\/\/www.gluon.com.br\/blog\/wp-json\/wp\/v2\/types\/post"}],"author":[{"embeddable":true,"href":"https:\/\/www.gluon.com.br\/blog\/wp-json\/wp\/v2\/users\/1"}],"replies":[{"embeddable":true,"href":"https:\/\/www.gluon.com.br\/blog\/wp-json\/wp\/v2\/comments?post=2438"}],"version-history":[{"count":1,"href":"https:\/\/www.gluon.com.br\/blog\/wp-json\/wp\/v2\/posts\/2438\/revisions"}],"predecessor-version":[{"id":5066,"href":"https:\/\/www.gluon.com.br\/blog\/wp-json\/wp\/v2\/posts\/2438\/revisions\/5066"}],"wp:featuredmedia":[{"embeddable":true,"href":"https:\/\/www.gluon.com.br\/blog\/wp-json\/wp\/v2\/media\/5065"}],"wp:attachment":[{"href":"https:\/\/www.gluon.com.br\/blog\/wp-json\/wp\/v2\/media?parent=2438"}],"wp:term":[{"taxonomy":"category","embeddable":true,"href":"https:\/\/www.gluon.com.br\/blog\/wp-json\/wp\/v2\/categories?post=2438"},{"taxonomy":"post_tag","embeddable":true,"href":"https:\/\/www.gluon.com.br\/blog\/wp-json\/wp\/v2\/tags?post=2438"}],"curies":[{"name":"wp","href":"https:\/\/api.w.org\/{rel}","templated":true}]}}